{"id":467,"date":"2021-05-13T13:39:17","date_gmt":"2021-05-13T12:39:17","guid":{"rendered":"https:\/\/bjkult.no\/?p=467"},"modified":"2021-10-13T15:56:19","modified_gmt":"2021-10-13T14:56:19","slug":"piaf-aften-pa-laven-torsdag-3-juni-2021","status":"publish","type":"post","link":"https:\/\/bjkult.no\/?p=467","title":{"rendered":"Edith Piaf \u2013 den lille spurven med den store stemmen"},"content":{"rendered":"\n<h3 class=\"wp-block-heading\">P\u00e5 l\u00e5ven onsdag 27. oktober 2021 klokken 19:00 !<\/h3>\n\n\n\n<figure class=\"wp-block-image size-large\"><a href=\"https:\/\/bjkult.no\/wp-content\/uploads\/2021\/05\/Piaf-plakat-lowres.png\"><img loading=\"lazy\" decoding=\"async\" width=\"841\" height=\"1024\" src=\"https:\/\/bjkult.no\/wp-content\/uploads\/2021\/05\/Piaf-plakat-lowres-841x1024.png\" alt=\"\" class=\"wp-image-466\" srcset=\"https:\/\/bjkult.no\/wp-content\/uploads\/2021\/05\/Piaf-plakat-lowres-841x1024.png 841w, https:\/\/bjkult.no\/wp-content\/uploads\/2021\/05\/Piaf-plakat-lowres-246x300.png 246w, https:\/\/bjkult.no\/wp-content\/uploads\/2021\/05\/Piaf-plakat-lowres-768x935.png 768w, https:\/\/bjkult.no\/wp-content\/uploads\/2021\/05\/Piaf-plakat-lowres-657x800.png 657w, https:\/\/bjkult.no\/wp-content\/uploads\/2021\/05\/Piaf-plakat-lowres.png 1024w\" sizes=\"auto, (max-width: 841px) 100vw, 841px\" \/><\/a><\/figure>\n\n\n\n<p><strong>Vi pr\u00f8ver igjen! Denne forestillingen m\u00e5tte avlyses tidligere i \u00e5r pga Covid-19. Det blir ingen forh\u00e5ndssalg av billetter denne gangen, alle billetter selges ved inngangen.<\/strong><\/p>\n\n\n\n<p>I 1915 ble den store Edith Giovanna Gassion f\u00f8dt i Paris. Edith Piaf, som var hennes artistnavn, ble en av 1900-tallets store sangerinner, og hun skulle bevege en hel verden med sine dramatiske og lidenskapelige sanger.<\/p>\n\n\n\n<p>Siv Trine Haldaas og Per-Olaf Green har skapt en r\u00f8rende og intens kabaret om legendens liv og musikk. I en timelang forestilling f\u00e5r vi beretningen om Piaf, og en opplevelse av hva hennes sanger og formidling handlet om. \u201dEdith Piaf \u2013 den lille spurven med den store stemmen\u201d hadde premiere i 2013, og har siden da turnert i Tr\u00f8ndelag med stor suksess.<\/p>\n\n\n\n<p><strong>Billetter selges ved inngangen.<\/strong> Pris kr. 200,-<br>Adresse: Lerflaten g\u00e5rd, Lillekvamsvegen 45, Trondheim.<br>D\u00f8rene \u00e5pnes klokken 18:30.<\/p>\n\n\n\n<h2 class=\"wp-block-heading\"><strong>VELKOMMEN!<\/strong><\/h2>\n\n\n\n<p><\/p>\n","protected":false},"excerpt":{"rendered":"<p>P\u00e5 l\u00e5ven onsdag 27. oktober 2021 klokken 19:00 ! Vi pr\u00f8ver igjen! Denne forestillingen m\u00e5tte avlyses tidligere i \u00e5r pga Covid-19. Det blir ingen forh\u00e5ndssalg av billetter denne gangen, alle billetter selges ved inngangen. I 1915 ble den store Edith &hellip; <a href=\"https:\/\/bjkult.no\/?p=467\">Continue reading <span class=\"meta-nav\">&rarr;<\/span><\/a><\/p>\n","protected":false},"author":1,"featured_media":0,"comment_status":"open","ping_status":"open","sticky":false,"template":"","format":"standard","meta":{"footnotes":""},"categories":[3],"tags":[],"class_list":["post-467","post","type-post","status-publish","format-standard","hentry","category-kulturarrangementer"],"_links":{"self":[{"href":"https:\/\/bjkult.no\/index.php?rest_route=\/wp\/v2\/posts\/467","targetHints":{"allow":["GET"]}}],"collection":[{"href":"https:\/\/bjkult.no\/index.php?rest_route=\/wp\/v2\/posts"}],"about":[{"href":"https:\/\/bjkult.no\/index.php?rest_route=\/wp\/v2\/types\/post"}],"author":[{"embeddable":true,"href":"https:\/\/bjkult.no\/index.php?rest_route=\/wp\/v2\/users\/1"}],"replies":[{"embeddable":true,"href":"https:\/\/bjkult.no\/index.php?rest_route=%2Fwp%2Fv2%2Fcomments&post=467"}],"version-history":[{"count":9,"href":"https:\/\/bjkult.no\/index.php?rest_route=\/wp\/v2\/posts\/467\/revisions"}],"predecessor-version":[{"id":489,"href":"https:\/\/bjkult.no\/index.php?rest_route=\/wp\/v2\/posts\/467\/revisions\/489"}],"wp:attachment":[{"href":"https:\/\/bjkult.no\/index.php?rest_route=%2Fwp%2Fv2%2Fmedia&parent=467"}],"wp:term":[{"taxonomy":"category","embeddable":true,"href":"https:\/\/bjkult.no\/index.php?rest_route=%2Fwp%2Fv2%2Fcategories&post=467"},{"taxonomy":"post_tag","embeddable":true,"href":"https:\/\/bjkult.no\/index.php?rest_route=%2Fwp%2Fv2%2Ftags&post=467"}],"curies":[{"name":"wp","href":"https:\/\/api.w.org\/{rel}","templated":true}]}}